{"id":937,"global_id":"guylenecharmetant.fr?id=937","global_id_lineage":["guylenecharmetant.fr?id=937"],"author":"1","status":"publish","date":"2024-06-02 21:22:02","date_utc":"2024-06-02 20:22:02","modified":"2024-06-02 21:22:02","modified_utc":"2024-06-02 20:22:02","url":"https:\/\/guylenecharmetant.fr\/?tribe_events=chant-libre-et-trio-charmetoux","rest_url":"https:\/\/guylenecharmetant.fr\/index.php?rest_route=\/tribe\/events\/v1\/events\/937","title":"\u00ab\u00a0Chant libre\u00a0\u00bb et Trio Charmetoux","description":"<p><strong>D<\/strong><strong>\u00ab Chant libre \u00bb et Trio Charmetoux \u00e0 St Jean le Blanc \u2013<\/strong><\/p>\n<p><strong>Chansons principalement fran\u00e7aises harmonis\u00e9es &#8211; Concert de soutien sur r\u00e9servations\u00a0<\/strong><\/p>\n<p><strong>Au chapeau \u2013 Go\u00fbter partag\u00e9 avant et ap\u00e9ro apr\u00e8s concert<\/strong><\/p>\n<p><strong>Lire la suite :<\/strong><\/p>\n<p><strong>Go\u00fbter partag\u00e9\u00a0\u00e0 partir de 17 heures\u00a0et Concert de 18h30 \u00e0 20h\u2026<\/strong><\/p>\n<p><strong>En soutien \u00e0 une maman qui est dans des d\u00e9marches juridiques et judiciaires pour la garde de ses enfants<\/strong><\/p>\n<p><strong>Merci de pr\u00e9voir un minimum de 10 euros pour la cagnotte et d\u2019apporter un petit quelque chose \u00e0 partager pour le go\u00fbter et \u00e9ventuellement un ap\u00e9ro apr\u00e8s le concert a<\/strong><strong>insi qu\u2019une chaise <\/strong><\/p>\n<p><strong>Le concert aura lieu \u00e0 l\u2019ext\u00e9rieur (repli sous Barnum en cas de Pluie)<\/strong><\/p>\n<p><strong>R\u00e9servations\u00a0: <\/strong><a href=\"mailto:Soutienviaconcertchantlibreetcharmetoux@protonmail.com\"><strong>Soutienviaconcertchantlibreetcharmetoux@protonmail.com<\/strong><\/a> <strong>(l\u2019adresse sera communiqu\u00e9e en retour)<\/strong><\/p>","excerpt":"","slug":"chant-libre-et-trio-charmetoux","image":false,"all_day":false,"start_date":"2024-06-16 17:00:00","start_date_details":{"year":"2024","month":"06","day":"16","hour":"17","minutes":"00","seconds":"00"},"end_date":"2024-06-16 20:00:00","end_date_details":{"year":"2024","month":"06","day":"16","hour":"20","minutes":"00","seconds":"00"},"utc_start_date":"2024-06-16 16:00:00","utc_start_date_details":{"year":"2024","month":"06","day":"16","hour":"16","minutes":"00","seconds":"00"},"utc_end_date":"2024-06-16 19:00:00","utc_end_date_details":{"year":"2024","month":"06","day":"16","hour":"19","minutes":"00","seconds":"00"},"timezone":"UTC+1","timezone_abbr":"UTC+1","cost":"","cost_details":{"currency_symbol":"","currency_position":"suffix","values":[]},"website":"","show_map":true,"show_map_link":true,"hide_from_listings":false,"sticky":false,"featured":false,"categories":[],"tags":[],"venue":[],"organizer":[],"json_ld":{"@context":"http:\/\/schema.org","@type":"Event","name":"\u00ab\u00a0Chant libre\u00a0\u00bb et Trio Charmetoux","description":"&lt;p&gt;D\u00ab Chant libre \u00bb et Trio Charmetoux \u00e0 St Jean le Blanc \u2013 Chansons principalement fran\u00e7aises harmonis\u00e9es - Concert de soutien sur r\u00e9servations\u00a0 Au chapeau \u2013 Go\u00fbter partag\u00e9 avant et&hellip; &lt;br \/&gt; &lt;a class=&quot;button small blue&quot; href=&quot;https:\/\/guylenecharmetant.fr\/?tribe_events=chant-libre-et-trio-charmetoux&quot;&gt;Lire la suite&lt;\/a&gt;&lt;\/p&gt;\\n","url":"https:\/\/guylenecharmetant.fr\/?tribe_events=chant-libre-et-trio-charmetoux","startDate":"2024-06-16T17:00:00+01:00","endDate":"2024-06-16T20:00:00+01:00","performer":"Organization"}}